{"id":278,"date":"2014-09-26T12:23:52","date_gmt":"2014-09-26T10:23:52","guid":{"rendered":"http:\/\/www.mjolkeramparaiders.com\/?p=278"},"modified":"2014-09-30T08:40:30","modified_gmt":"2014-09-30T06:40:30","slug":"vatternrundan-2015","status":"publish","type":"post","link":"https:\/\/www.mjolkeramparaiders.com\/?p=278","title":{"rendered":"V\u00e4tternrundan 2015"},"content":{"rendered":"<p style=\"text-align: center;\"><strong>Klar for V\u00e4tternrundan 300 km 12-13 juni 2015??<br \/>\n<\/strong><br \/>\n<a href=\"http:\/\/vatternrundan.se\/\"><img decoding=\"async\" loading=\"lazy\" class=\"aligncenter wp-image-281\" src=\"http:\/\/www.mjolkeramparaiders.com\/wp-content\/uploads\/2014\/09\/VR50aar1-300x160.jpg\" alt=\"V\u00e4tternrundan\" width=\"250\" height=\"134\" srcset=\"https:\/\/www.mjolkeramparaiders.com\/wp-content\/uploads\/2014\/09\/VR50aar1-300x160.jpg 300w, https:\/\/www.mjolkeramparaiders.com\/wp-content\/uploads\/2014\/09\/VR50aar1.jpg 550w\" sizes=\"(max-width: 250px) 100vw, 250px\" \/><\/a><\/p>\n<p>&nbsp;<\/p>\n<p>Bli med oss til \u00e5rets store treningsm\u00e5l og sykkelhappening i Motala\u00a013 og 14 juni.<br \/>\nVi reiser, bor og sykler sammen og\u00a0deler oss i grupper etter\u00a0niv\u00e5<br \/>\nI \u00e5r var vi ca 25 stk fra indre \u00d8stfold som startet i samme gruppe. F\u00f8lg p\u00e5meldingsinfo under for p\u00e5melding til felles gruppe.<br \/>\nDette er g\u00f8y! Lyst til \u00e5 melde deg p\u00e5 sammen med oss, send en sms til 95033783 eller\u00a0post@mjolkaramparaiders.com<\/p>\n<p><a href=\"http:\/\/www.mjolkeramparaiders.com\/?p=152\">Les v\u00e5r lille repotasje fra V\u00e4tternrundan 2014 her<\/a><\/p>\n<p><a href=\"http:\/\/www.mjolkeramparaiders.com\/wp-content\/uploads\/2014\/09\/p\u00e5meldingsinfo-V\u00e4ttern-2015.docx\">P\u00e5meldingsinfo V\u00e4ttern 2015<\/a><\/p>\n<p><iframe loading=\"lazy\" width=\"640\" height=\"360\" src=\"https:\/\/www.youtube.com\/embed\/6GGQth2dXEE?feature=oembed\" frameborder=\"0\" allowfullscreen><\/iframe><\/p>\n","protected":false},"excerpt":{"rendered":"<p>Klar for V\u00e4tternrundan 300 km 12-13 juni 2015?? &nbsp; Bli med oss til \u00e5rets store treningsm\u00e5l og sykkelhappening i Motala\u00a013 og 14 juni. Vi reiser, bor og sykler sammen og\u00a0deler oss i grupper etter\u00a0niv\u00e5 I \u00e5r var vi ca 25 stk fra indre \u00d8stfold som startet i samme gruppe. F\u00f8lg p\u00e5meldingsinfo under for p\u00e5melding til<\/p>\n<p><a class=\"excerpt-more blog-excerpt\" href=\"https:\/\/www.mjolkeramparaiders.com\/?p=278\">Les mer<\/a><\/p>\n","protected":false},"author":1,"featured_media":0,"comment_status":"closed","ping_status":"closed","sticky":false,"template":"","format":"standard","meta":[],"categories":[1],"tags":[],"_links":{"self":[{"href":"https:\/\/www.mjolkeramparaiders.com\/index.php?rest_route=\/wp\/v2\/posts\/278"}],"collection":[{"href":"https:\/\/www.mjolkeramparaiders.com\/index.php?rest_route=\/wp\/v2\/posts"}],"about":[{"href":"https:\/\/www.mjolkeramparaiders.com\/index.php?rest_route=\/wp\/v2\/types\/post"}],"author":[{"embeddable":true,"href":"https:\/\/www.mjolkeramparaiders.com\/index.php?rest_route=\/wp\/v2\/users\/1"}],"replies":[{"embeddable":true,"href":"https:\/\/www.mjolkeramparaiders.com\/index.php?rest_route=%2Fwp%2Fv2%2Fcomments&post=278"}],"version-history":[{"count":10,"href":"https:\/\/www.mjolkeramparaiders.com\/index.php?rest_route=\/wp\/v2\/posts\/278\/revisions"}],"predecessor-version":[{"id":291,"href":"https:\/\/www.mjolkeramparaiders.com\/index.php?rest_route=\/wp\/v2\/posts\/278\/revisions\/291"}],"wp:attachment":[{"href":"https:\/\/www.mjolkeramparaiders.com\/index.php?rest_route=%2Fwp%2Fv2%2Fmedia&parent=278"}],"wp:term":[{"taxonomy":"category","embeddable":true,"href":"https:\/\/www.mjolkeramparaiders.com\/index.php?rest_route=%2Fwp%2Fv2%2Fcategories&post=278"},{"taxonomy":"post_tag","embeddable":true,"href":"https:\/\/www.mjolkeramparaiders.com\/index.php?rest_route=%2Fwp%2Fv2%2Ftags&post=278"}],"curies":[{"name":"wp","href":"https:\/\/api.w.org\/{rel}","templated":true}]}}